{"id":1120,"date":"2025-08-18T16:35:44","date_gmt":"2025-08-18T14:35:44","guid":{"rendered":"https:\/\/eclatcosmetique.fr\/manchas-marrones-en-la-cara-causas-tipos-y-soluciones\/"},"modified":"2025-08-18T16:35:44","modified_gmt":"2025-08-18T14:35:44","slug":"manchas-marrones-en-la-cara-causas-tipos-y-soluciones","status":"publish","type":"post","link":"https:\/\/eclatcosmetique.fr\/es\/manchas-marrones-en-la-cara-causas-tipos-y-soluciones\/","title":{"rendered":"Manchas marrones en la cara: causas, tipos y soluciones"},"content":{"rendered":"<p>\u00bfHas notado la aparici\u00f3n de manchas marrones en la cara y te has preguntado de d\u00f3nde vienen? Estas manchas de pigmentaci\u00f3n afectan a m\u00e1s del 90% de las personas mayores de 50 a\u00f1os, pero tambi\u00e9n pueden aparecer mucho antes, dependiendo de la exposici\u00f3n al sol y de la predisposici\u00f3n individual. En este art\u00edculo te explicamos los distintos tipos de manchas de pigmentaci\u00f3n, sus principales causas y las soluciones para reducirlas o prevenirlas. Si quieres saber m\u00e1s sobre <a href=\"https:\/\/www.vichy.fr\/conseils-d-experts\/hyperpigmentation\/taches-brunes-quel-soin-cosmetique-pour-les-corriger\"><b>manchas marrones en la cara<\/b><\/a>este art\u00edculo te proporcionar\u00e1 informaci\u00f3n \u00fatil.   <\/p>\n<p><img decoding=\"async\" alt=\"Retrato de una mujer joven de tez natural, con el pelo casta\u00f1o recogido hacia atr\u00e1s, mirando a la c\u00e1mara sobre un fondo neutro.\" class=\"featured-image\" src=\"https:\/\/77a8bca5480c629eab12f6f892ef4680.cdn.bubble.io\/f1754045341994x909483163123333100\/OfdUMtb6LT1uO4jU8K5qB_1dcae2b28374413ab7ff0595dfc822d1.jpg\"><\/p>\n<h2>\u00bfPor qu\u00e9 aparecen manchas marrones en la cara?<\/h2>\n<p>Las manchas marrones son el resultado de una alteraci\u00f3n en la producci\u00f3n de melanina, el pigmento que da color a nuestra piel. Cuando las c\u00e9lulas productoras de melanina (melanocitos) se vuelven hiperactivas o disfuncionales, crean zonas m\u00e1s oscuras que el resto de la cara. <\/p>\n<p>Varios factores pueden desencadenar este fen\u00f3meno:<\/p>\n<p>La <strong>exposici\u00f3n al sol<\/strong> sigue siendo la causa principal. Los rayos UV estimulan la producci\u00f3n de melanina de forma excesiva y desigual. Por eso suelen aparecer manchas en las zonas m\u00e1s expuestas: frente, mejillas, nariz y labio superior.  <\/p>\n<p><strong>El envejecimiento natural<\/strong> tambi\u00e9n desempe\u00f1a un papel importante. Con la edad, el metabolismo de los melanocitos cambia. Su funcionamiento se vuelve menos regular, lo que favorece la aparici\u00f3n de las famosas \u00abmanchas de la edad\u00bb.  <\/p>\n<p><strong>Los cambios hormonales<\/strong> son otra causa frecuente. El embarazo, la toma de la p\u00edldora anticonceptiva o determinados tratamientos hormonales pueden desencadenar la aparici\u00f3n de manchas, en particular el melasma (tambi\u00e9n conocido como \u00abm\u00e1scara del embarazo\u00bb). <\/p>\n<p><strong>La inflamaci\u00f3n de la piel<\/strong> tambi\u00e9n puede dejar marcas pigmentadas. Tras una lesi\u00f3n, acn\u00e9 o incluso determinados tratamientos cosm\u00e9ticos, las cicatrices pueden provocar un aumento de la producci\u00f3n de melanina en esta zona concreta. <\/p>\n<p>Por \u00faltimo, algunos medicamentos (como los antibi\u00f3ticos de tetraciclina) o el contacto con plantas fotosensibilizantes pueden hacer que la piel sea m\u00e1s reactiva al sol y favorecer la hiperpigmentaci\u00f3n.<\/p>\n<p>\u00bfQu\u00e9 tienen en com\u00fan todas estas causas? Alteran el equilibrio normal de la producci\u00f3n de melanina, creando las zonas m\u00e1s oscuras que nos preocupan. <\/p>\n<p>Pero no todas las manchas marrones son iguales: existen varias formas, cada una con sus propias caracter\u00edsticas y or\u00edgenes.<\/p>\n<h2>Los diferentes tipos de manchas pigmentarias<\/h2>\n<p>Existen varias familias de manchas marrones, cada una con sus propias caracter\u00edsticas. \u00c9stas son las principales con las que te puedes encontrar: <\/p>\n<p><strong>L\u00e9ntigos solares (manchas de la edad)<\/strong><br \/>Son las m\u00e1s frecuentes. Suelen aparecer a partir de los 40 a\u00f1os, sobre todo en las zonas expuestas al sol: cara, manos, escote. Su color var\u00eda del beige claro al marr\u00f3n oscuro. Cuanto m\u00e1s sol hayas tomado en tu vida, m\u00e1s probabilidades hay de que aparezcan.   <\/p>\n<p><strong>Melasma (m\u00e1scara del embarazo)<\/strong><br \/>Estas manchas forman parches irregulares y sim\u00e9tricos, a menudo en las mejillas, la frente o el labio superior. Est\u00e1n directamente relacionadas con las hormonas: el embarazo, la p\u00edldora anticonceptiva o un tratamiento hormonal pueden desencadenarlas. Contrariamente a la creencia popular, los hombres tambi\u00e9n pueden desarrollarlas.  <\/p>\n<p><strong>Ef\u00e9lides (pecas)<\/strong><br \/>Peque\u00f1as y numerosas, est\u00e1n presentes desde la infancia en algunas personas. Se acent\u00faan con el sol y se aten\u00faan en invierno. Afectan sobre todo a las pieles claras.  <\/p>\n<p><strong>Manchas postinflamatorias<\/strong><br \/>Aparecen tras una lesi\u00f3n, quemadura, acn\u00e9 o cualquier otro problema cut\u00e1neo. La piel \u00abrecuerda\u00bb la inflamaci\u00f3n produciendo m\u00e1s pigmento en esta zona. Estas manchas son especialmente visibles en las pieles m\u00e1s oscuras.  <\/p>\n<p>Cada tipo requiere un enfoque diferente. Por eso es importante identificar tu propio tipo antes de elegir un tratamiento. <\/p>\n<p>Una vez identificado el tipo de mancha, es m\u00e1s f\u00e1cil elegir las soluciones adecuadas para reducirla y recuperar un cutis m\u00e1s uniforme.<\/p>\n<h2>\u00bfQu\u00e9 tratamientos existen para reducir las manchas oscuras de la cara?<\/h2>\n<p>Afortunadamente, existen varias soluciones para reducir las manchas oscuras, pero no todas son iguales, dependiendo de tu situaci\u00f3n.<\/p>\n<p><strong>Cremas despigmentantes: el tratamiento de primera l\u00ednea<\/strong><\/p>\n<p>\u00c9ste suele ser el lugar por el que empezar. Las cremas a base de hidroquinona siguen siendo el patr\u00f3n oro, aunque requieran receta m\u00e9dica. Para opciones sin receta, puedes recurrir al \u00e1cido k\u00f3jico, la vitamina C o el \u00e1cido azelaico. Estos principios activos act\u00faan suavemente, pero requieren paciencia: deja pasar varios meses de aplicaci\u00f3n regular para ver resultados.   <\/p>\n<p><strong>Peelings qu\u00edmicos: yendo m\u00e1s all\u00e1<\/strong><\/p>\n<p>Cuando las cremas ya no son suficientes, toman el relevo los peelings. Los peelings superficiales con \u00e1cido glic\u00f3lico o mand\u00e9lico eliminan gradualmente la capa pigmentada. Suelen requerir de 3 a 6 sesiones espaciadas unas semanas. Son eficaces, pero ten cuidado: estos tratamientos debe realizarlos un dermat\u00f3logo para evitar quemaduras o cicatrices.   <\/p>\n<p><strong>L\u00e1seres: la soluci\u00f3n de alta tecnolog\u00eda<\/strong><\/p>\n<p>Para las manchas solares bien definidas, los l\u00e1seres pigmentarios dan excelentes resultados en s\u00f3lo 1 \u00f3 2 sesiones. Los l\u00e1seres de conmutaci\u00f3n Q fragmentan directamente los pigmentos, que el cuerpo elimina de forma natural. Los l\u00e1seres de picosegundos m\u00e1s recientes ofrecen una precisi\u00f3n a\u00fan mayor.  <\/p>\n<p>La luz pulsada intensa (IPL) es una alternativa interesante, sobre todo cuando tienes varios tipos de manchas que tratar al mismo tiempo.<\/p>\n<p><strong>La importancia del diagn\u00f3stico m\u00e9dico<\/strong><\/p>\n<p>Antes de iniciar cualquier tratamiento, debes consultar a un dermat\u00f3logo. \u00bfPor qu\u00e9 deber\u00edas hacerlo? En primer lugar, para descartar un melanoma, aunque sea raro. En segundo lugar, porque la elecci\u00f3n del tratamiento depende totalmente del tipo de mancha que tengas. El melasma no puede tratarse igual que las manchas solares.    <\/p>\n<p><strong>Algunas reglas de oro que debes recordar<\/strong><\/p>\n<p>La protecci\u00f3n solar se convierte en tu mejor amiga durante y despu\u00e9s del tratamiento. Sin ella, las manchas volver\u00e1n con fuerza. Empieza el tratamiento en oto\u00f1o e invierno, cuando tu piel estar\u00e1 menos expuesta al sol.  <\/p>\n<p>Por \u00faltimo, mant\u00e9n unas expectativas realistas. Las manchas m\u00e1s antiguas y profundas son m\u00e1s resistentes que las nuevas. A veces pueden reducirse significativamente sin desaparecer del todo.  <\/p>\n<p>Ante todas estas opciones diferentes -desde cremas que tardan varios meses en hacer efecto hasta l\u00e1seres que dan resultados en pocas sesiones-, es natural preguntarse cu\u00e1les son las soluciones m\u00e1s r\u00e1pidas para deshacerse de estas antiest\u00e9ticas manchas.<\/p>\n<h3>\u00bfC\u00f3mo elimino r\u00e1pidamente las manchas marrones?<\/h3>\n<p>No existe una soluci\u00f3n milagrosa para hacer desaparecer las manchas marrones de la noche a la ma\u00f1ana. Sin embargo, algunos tratamientos pueden producir resultados visibles en pocas semanas. <\/p>\n<p>Los tratamientos m\u00e9dicos ofrecen las soluciones m\u00e1s eficaces. Para las manchas de la edad, los l\u00e1seres de abrasi\u00f3n pueden proporcionarte una piel nueva en pocos d\u00edas tras una sola sesi\u00f3n. <\/p>\n<p>Los peelings superficiales ofrecen un buen compromiso. Requieren de 3 a 6 sesiones espaciadas unas semanas, pero son menos agresivas que el l\u00e1ser. Ver\u00e1s una mejora gradual de tu cutis.  <\/p>\n<p>El melasma es m\u00e1s complicado. Este tipo de mancha requiere un tratamiento prolongado con un preparado despigmentante diario. Los resultados tardan varios meses en aparecer.  <\/p>\n<p>Las cremas despigmentantes por s\u00ed solas act\u00faan lentamente. Pueden pasar varios meses antes de que veas cambios significativos. Son m\u00e1s eficaces como complemento de otros tratamientos.  <\/p>\n<p>La rapidez depende del tipo de mancha y del tratamiento elegido. Un dermat\u00f3logo podr\u00e1 orientarte hacia la soluci\u00f3n m\u00e1s adecuada a tu situaci\u00f3n. <\/p>\n<h2>Previene la aparici\u00f3n de manchas oscuras con protecci\u00f3n solar<\/h2>\n<p>La protecci\u00f3n solar diaria sigue siendo tu mejor aliada para prevenir la aparici\u00f3n de nuevas manchas marrones. Los rayos UV estimulan la producci\u00f3n de melanina, que es la responsable de estas marcas indeseadas en tu piel. <\/p>\n<p>Para una protecci\u00f3n eficaz todos los d\u00edas, opta por una crema de d\u00eda con FPS incorporado. Este sencillo h\u00e1bito te protege de los rayos UV incluso cuando est\u00e1s fuera de casa. Para una exposici\u00f3n prolongada al sol, cambia a un FPS 50+ y vuelve a aplicarlo cada dos horas.  <\/p>\n<p>Algunas medidas preventivas adicionales:<\/p>\n<ul><\/p>\n<li>Evita el sol entre las 11.00 y las 16.00 horas, cuando los rayos son m\u00e1s intensos<\/li>\n<p><\/p>\n<li>Lleva un sombrero de ala ancha y gafas de sol<\/li>\n<p><\/p>\n<li>Elige la sombra para tus actividades al aire libre<\/li>\n<p><\/ul>\n<p>Esta protecci\u00f3n constante no s\u00f3lo limita la aparici\u00f3n de nuevas manchas, sino que tambi\u00e9n impide que empeoren las ya existentes. Esto es especialmente importante si te est\u00e1s sometiendo a un tratamiento despigmentante, ya que la piel debilitada reacciona m\u00e1s intensamente a los rayos UV. <\/p>\n<p>La coherencia es m\u00e1s importante que la perfecci\u00f3n. Incluso una protecci\u00f3n imperfecta es mejor que ninguna. <\/p>\n","protected":false},"excerpt":{"rendered":"<p>\u00bfHas notado la aparici\u00f3n de manchas marrones en la cara y te has preguntado de d\u00f3nde vienen? Estas manchas de pigmentaci\u00f3n afectan a m\u00e1s del 90% de las personas mayores de 50 a\u00f1os, pero tambi\u00e9n pueden aparecer mucho antes, dependiendo de la exposici\u00f3n al sol y de la predisposici\u00f3n individual. En este art\u00edculo te explicamos [&hellip;]<\/p>\n","protected":false},"author":1,"featured_media":1121,"comment_status":"open","ping_status":"open","sticky":false,"template":"","format":"standard","meta":{"footnotes":""},"categories":[115],"tags":[],"class_list":["post-1120","post","type-post","status-publish","format-standard","has-post-thumbnail","hentry","category-belleza"],"yoast_head":"<!-- This site is optimized with the Yoast SEO plugin v24.0 - https:\/\/yoast.com\/wordpress\/plugins\/seo\/ -->\n<title>Manchas marrones en la cara: causas, tipos y soluciones - %<\/title>\n<meta name=\"robots\" content=\"index, follow, max-snippet:-1, max-image-preview:large, max-video-preview:-1\" \/>\n<link rel=\"canonical\" href=\"https:\/\/eclatcosmetique.fr\/es\/manchas-marrones-en-la-cara-causas-tipos-y-soluciones\/\" \/>\n<meta property=\"og:locale\" content=\"es_ES\" \/>\n<meta property=\"og:type\" content=\"article\" \/>\n<meta property=\"og:title\" content=\"Manchas marrones en la cara: causas, tipos y soluciones - %\" \/>\n<meta property=\"og:description\" content=\"\u00bfHas notado la aparici\u00f3n de manchas marrones en la cara y te has preguntado de d\u00f3nde vienen? Estas manchas de pigmentaci\u00f3n afectan a m\u00e1s del 90% de las personas mayores de 50 a\u00f1os, pero tambi\u00e9n pueden aparecer mucho antes, dependiendo de la exposici\u00f3n al sol y de la predisposici\u00f3n individual. En este art\u00edculo te explicamos [&hellip;]\" \/>\n<meta property=\"og:url\" content=\"https:\/\/eclatcosmetique.fr\/es\/manchas-marrones-en-la-cara-causas-tipos-y-soluciones\/\" \/>\n<meta property=\"og:site_name\" content=\"Eclat Cosmetique\" \/>\n<meta property=\"article:published_time\" content=\"2025-08-18T14:35:44+00:00\" \/>\n<meta property=\"og:image\" content=\"https:\/\/eclatcosmetique.fr\/wp-content\/uploads\/2025\/08\/taches-brunes-sur-le-visage-scaled.jpg\" \/>\n\t<meta property=\"og:image:width\" content=\"2560\" \/>\n\t<meta property=\"og:image:height\" content=\"1429\" \/>\n\t<meta property=\"og:image:type\" content=\"image\/jpeg\" \/>\n<meta name=\"author\" content=\"eclatcosmetique\" \/>\n<meta name=\"twitter:card\" content=\"summary_large_image\" \/>\n<meta name=\"twitter:label1\" content=\"Escrito por\" \/>\n\t<meta name=\"twitter:data1\" content=\"eclatcosmetique\" \/>\n\t<meta name=\"twitter:label2\" content=\"Tiempo de lectura\" \/>\n\t<meta name=\"twitter:data2\" content=\"7 minutos\" \/>\n<script type=\"application\/ld+json\" class=\"yoast-schema-graph\">{\"@context\":\"https:\/\/schema.org\",\"@graph\":[{\"@type\":\"Article\",\"@id\":\"https:\/\/eclatcosmetique.fr\/es\/manchas-marrones-en-la-cara-causas-tipos-y-soluciones\/#article\",\"isPartOf\":{\"@id\":\"https:\/\/eclatcosmetique.fr\/es\/manchas-marrones-en-la-cara-causas-tipos-y-soluciones\/\"},\"author\":{\"name\":\"eclatcosmetique\",\"@id\":\"https:\/\/eclatcosmetique.fr\/es\/#\/schema\/person\/8f808b972a00b084d6a6f4df0dbd5087\"},\"headline\":\"Manchas marrones en la cara: causas, tipos y soluciones\",\"datePublished\":\"2025-08-18T14:35:44+00:00\",\"dateModified\":\"2025-08-18T14:35:44+00:00\",\"mainEntityOfPage\":{\"@id\":\"https:\/\/eclatcosmetique.fr\/es\/manchas-marrones-en-la-cara-causas-tipos-y-soluciones\/\"},\"wordCount\":1483,\"commentCount\":0,\"publisher\":{\"@id\":\"https:\/\/eclatcosmetique.fr\/es\/#organization\"},\"image\":{\"@id\":\"https:\/\/eclatcosmetique.fr\/es\/manchas-marrones-en-la-cara-causas-tipos-y-soluciones\/#primaryimage\"},\"thumbnailUrl\":\"https:\/\/eclatcosmetique.fr\/wp-content\/uploads\/2025\/08\/taches-brunes-sur-le-visage-scaled.jpg\",\"articleSection\":[\"Belleza\"],\"inLanguage\":\"es\",\"potentialAction\":[{\"@type\":\"CommentAction\",\"name\":\"Comment\",\"target\":[\"https:\/\/eclatcosmetique.fr\/es\/manchas-marrones-en-la-cara-causas-tipos-y-soluciones\/#respond\"]}]},{\"@type\":\"WebPage\",\"@id\":\"https:\/\/eclatcosmetique.fr\/es\/manchas-marrones-en-la-cara-causas-tipos-y-soluciones\/\",\"url\":\"https:\/\/eclatcosmetique.fr\/es\/manchas-marrones-en-la-cara-causas-tipos-y-soluciones\/\",\"name\":\"Manchas marrones en la cara: causas, tipos y soluciones - %\",\"isPartOf\":{\"@id\":\"https:\/\/eclatcosmetique.fr\/es\/#website\"},\"primaryImageOfPage\":{\"@id\":\"https:\/\/eclatcosmetique.fr\/es\/manchas-marrones-en-la-cara-causas-tipos-y-soluciones\/#primaryimage\"},\"image\":{\"@id\":\"https:\/\/eclatcosmetique.fr\/es\/manchas-marrones-en-la-cara-causas-tipos-y-soluciones\/#primaryimage\"},\"thumbnailUrl\":\"https:\/\/eclatcosmetique.fr\/wp-content\/uploads\/2025\/08\/taches-brunes-sur-le-visage-scaled.jpg\",\"datePublished\":\"2025-08-18T14:35:44+00:00\",\"dateModified\":\"2025-08-18T14:35:44+00:00\",\"breadcrumb\":{\"@id\":\"https:\/\/eclatcosmetique.fr\/es\/manchas-marrones-en-la-cara-causas-tipos-y-soluciones\/#breadcrumb\"},\"inLanguage\":\"es\",\"potentialAction\":[{\"@type\":\"ReadAction\",\"target\":[\"https:\/\/eclatcosmetique.fr\/es\/manchas-marrones-en-la-cara-causas-tipos-y-soluciones\/\"]}]},{\"@type\":\"ImageObject\",\"inLanguage\":\"es\",\"@id\":\"https:\/\/eclatcosmetique.fr\/es\/manchas-marrones-en-la-cara-causas-tipos-y-soluciones\/#primaryimage\",\"url\":\"https:\/\/eclatcosmetique.fr\/wp-content\/uploads\/2025\/08\/taches-brunes-sur-le-visage-scaled.jpg\",\"contentUrl\":\"https:\/\/eclatcosmetique.fr\/wp-content\/uploads\/2025\/08\/taches-brunes-sur-le-visage-scaled.jpg\",\"width\":2560,\"height\":1429},{\"@type\":\"BreadcrumbList\",\"@id\":\"https:\/\/eclatcosmetique.fr\/es\/manchas-marrones-en-la-cara-causas-tipos-y-soluciones\/#breadcrumb\",\"itemListElement\":[{\"@type\":\"ListItem\",\"position\":1,\"name\":\"Inicio\",\"item\":\"https:\/\/eclatcosmetique.fr\/es\/beaute-passionnee-deja-que-nuestro-blog-de-belleza-te-ayude-a-revelar-tu-resplandor\/\"},{\"@type\":\"ListItem\",\"position\":2,\"name\":\"Manchas marrones en la cara: causas, tipos y soluciones\"}]},{\"@type\":\"WebSite\",\"@id\":\"https:\/\/eclatcosmetique.fr\/es\/#website\",\"url\":\"https:\/\/eclatcosmetique.fr\/es\/\",\"name\":\"Eclat Cosmetique\",\"description\":\"\",\"publisher\":{\"@id\":\"https:\/\/eclatcosmetique.fr\/es\/#organization\"},\"potentialAction\":[{\"@type\":\"SearchAction\",\"target\":{\"@type\":\"EntryPoint\",\"urlTemplate\":\"https:\/\/eclatcosmetique.fr\/es\/?s={search_term_string}\"},\"query-input\":{\"@type\":\"PropertyValueSpecification\",\"valueRequired\":true,\"valueName\":\"search_term_string\"}}],\"inLanguage\":\"es\"},{\"@type\":\"Organization\",\"@id\":\"https:\/\/eclatcosmetique.fr\/es\/#organization\",\"name\":\"Eclat Cosmetique\",\"url\":\"https:\/\/eclatcosmetique.fr\/es\/\",\"logo\":{\"@type\":\"ImageObject\",\"inLanguage\":\"es\",\"@id\":\"https:\/\/eclatcosmetique.fr\/es\/#\/schema\/logo\/image\/\",\"url\":\"https:\/\/eclatcosmetique.fr\/wp-content\/uploads\/2023\/06\/eclatcosmetique.png\",\"contentUrl\":\"https:\/\/eclatcosmetique.fr\/wp-content\/uploads\/2023\/06\/eclatcosmetique.png\",\"width\":250,\"height\":250,\"caption\":\"Eclat Cosmetique\"},\"image\":{\"@id\":\"https:\/\/eclatcosmetique.fr\/es\/#\/schema\/logo\/image\/\"}},{\"@type\":\"Person\",\"@id\":\"https:\/\/eclatcosmetique.fr\/es\/#\/schema\/person\/8f808b972a00b084d6a6f4df0dbd5087\",\"name\":\"eclatcosmetique\",\"image\":{\"@type\":\"ImageObject\",\"inLanguage\":\"es\",\"@id\":\"https:\/\/eclatcosmetique.fr\/es\/#\/schema\/person\/image\/\",\"url\":\"https:\/\/secure.gravatar.com\/avatar\/57cce553753163cf73ee9cdd9ecefccb526cd7f0b33cb0c0309ab2e04fd3c4d9?s=96&d=mm&r=g\",\"contentUrl\":\"https:\/\/secure.gravatar.com\/avatar\/57cce553753163cf73ee9cdd9ecefccb526cd7f0b33cb0c0309ab2e04fd3c4d9?s=96&d=mm&r=g\",\"caption\":\"eclatcosmetique\"},\"sameAs\":[\"https:\/\/www.eclatcosmetique.fr\"],\"url\":\"https:\/\/eclatcosmetique.fr\/es\/author\/eclatcosmetique\/\"}]}<\/script>\n<!-- \/ Yoast SEO plugin. -->","yoast_head_json":{"title":"Manchas marrones en la cara: causas, tipos y soluciones - %","robots":{"index":"index","follow":"follow","max-snippet":"max-snippet:-1","max-image-preview":"max-image-preview:large","max-video-preview":"max-video-preview:-1"},"canonical":"https:\/\/eclatcosmetique.fr\/es\/manchas-marrones-en-la-cara-causas-tipos-y-soluciones\/","og_locale":"es_ES","og_type":"article","og_title":"Manchas marrones en la cara: causas, tipos y soluciones - %","og_description":"\u00bfHas notado la aparici\u00f3n de manchas marrones en la cara y te has preguntado de d\u00f3nde vienen? Estas manchas de pigmentaci\u00f3n afectan a m\u00e1s del 90% de las personas mayores de 50 a\u00f1os, pero tambi\u00e9n pueden aparecer mucho antes, dependiendo de la exposici\u00f3n al sol y de la predisposici\u00f3n individual. En este art\u00edculo te explicamos [&hellip;]","og_url":"https:\/\/eclatcosmetique.fr\/es\/manchas-marrones-en-la-cara-causas-tipos-y-soluciones\/","og_site_name":"Eclat Cosmetique","article_published_time":"2025-08-18T14:35:44+00:00","og_image":[{"width":2560,"height":1429,"url":"https:\/\/eclatcosmetique.fr\/wp-content\/uploads\/2025\/08\/taches-brunes-sur-le-visage-scaled.jpg","type":"image\/jpeg"}],"author":"eclatcosmetique","twitter_card":"summary_large_image","twitter_misc":{"Escrito por":"eclatcosmetique","Tiempo de lectura":"7 minutos"},"schema":{"@context":"https:\/\/schema.org","@graph":[{"@type":"Article","@id":"https:\/\/eclatcosmetique.fr\/es\/manchas-marrones-en-la-cara-causas-tipos-y-soluciones\/#article","isPartOf":{"@id":"https:\/\/eclatcosmetique.fr\/es\/manchas-marrones-en-la-cara-causas-tipos-y-soluciones\/"},"author":{"name":"eclatcosmetique","@id":"https:\/\/eclatcosmetique.fr\/es\/#\/schema\/person\/8f808b972a00b084d6a6f4df0dbd5087"},"headline":"Manchas marrones en la cara: causas, tipos y soluciones","datePublished":"2025-08-18T14:35:44+00:00","dateModified":"2025-08-18T14:35:44+00:00","mainEntityOfPage":{"@id":"https:\/\/eclatcosmetique.fr\/es\/manchas-marrones-en-la-cara-causas-tipos-y-soluciones\/"},"wordCount":1483,"commentCount":0,"publisher":{"@id":"https:\/\/eclatcosmetique.fr\/es\/#organization"},"image":{"@id":"https:\/\/eclatcosmetique.fr\/es\/manchas-marrones-en-la-cara-causas-tipos-y-soluciones\/#primaryimage"},"thumbnailUrl":"https:\/\/eclatcosmetique.fr\/wp-content\/uploads\/2025\/08\/taches-brunes-sur-le-visage-scaled.jpg","articleSection":["Belleza"],"inLanguage":"es","potentialAction":[{"@type":"CommentAction","name":"Comment","target":["https:\/\/eclatcosmetique.fr\/es\/manchas-marrones-en-la-cara-causas-tipos-y-soluciones\/#respond"]}]},{"@type":"WebPage","@id":"https:\/\/eclatcosmetique.fr\/es\/manchas-marrones-en-la-cara-causas-tipos-y-soluciones\/","url":"https:\/\/eclatcosmetique.fr\/es\/manchas-marrones-en-la-cara-causas-tipos-y-soluciones\/","name":"Manchas marrones en la cara: causas, tipos y soluciones - %","isPartOf":{"@id":"https:\/\/eclatcosmetique.fr\/es\/#website"},"primaryImageOfPage":{"@id":"https:\/\/eclatcosmetique.fr\/es\/manchas-marrones-en-la-cara-causas-tipos-y-soluciones\/#primaryimage"},"image":{"@id":"https:\/\/eclatcosmetique.fr\/es\/manchas-marrones-en-la-cara-causas-tipos-y-soluciones\/#primaryimage"},"thumbnailUrl":"https:\/\/eclatcosmetique.fr\/wp-content\/uploads\/2025\/08\/taches-brunes-sur-le-visage-scaled.jpg","datePublished":"2025-08-18T14:35:44+00:00","dateModified":"2025-08-18T14:35:44+00:00","breadcrumb":{"@id":"https:\/\/eclatcosmetique.fr\/es\/manchas-marrones-en-la-cara-causas-tipos-y-soluciones\/#breadcrumb"},"inLanguage":"es","potentialAction":[{"@type":"ReadAction","target":["https:\/\/eclatcosmetique.fr\/es\/manchas-marrones-en-la-cara-causas-tipos-y-soluciones\/"]}]},{"@type":"ImageObject","inLanguage":"es","@id":"https:\/\/eclatcosmetique.fr\/es\/manchas-marrones-en-la-cara-causas-tipos-y-soluciones\/#primaryimage","url":"https:\/\/eclatcosmetique.fr\/wp-content\/uploads\/2025\/08\/taches-brunes-sur-le-visage-scaled.jpg","contentUrl":"https:\/\/eclatcosmetique.fr\/wp-content\/uploads\/2025\/08\/taches-brunes-sur-le-visage-scaled.jpg","width":2560,"height":1429},{"@type":"BreadcrumbList","@id":"https:\/\/eclatcosmetique.fr\/es\/manchas-marrones-en-la-cara-causas-tipos-y-soluciones\/#breadcrumb","itemListElement":[{"@type":"ListItem","position":1,"name":"Inicio","item":"https:\/\/eclatcosmetique.fr\/es\/beaute-passionnee-deja-que-nuestro-blog-de-belleza-te-ayude-a-revelar-tu-resplandor\/"},{"@type":"ListItem","position":2,"name":"Manchas marrones en la cara: causas, tipos y soluciones"}]},{"@type":"WebSite","@id":"https:\/\/eclatcosmetique.fr\/es\/#website","url":"https:\/\/eclatcosmetique.fr\/es\/","name":"Eclat Cosmetique","description":"","publisher":{"@id":"https:\/\/eclatcosmetique.fr\/es\/#organization"},"potentialAction":[{"@type":"SearchAction","target":{"@type":"EntryPoint","urlTemplate":"https:\/\/eclatcosmetique.fr\/es\/?s={search_term_string}"},"query-input":{"@type":"PropertyValueSpecification","valueRequired":true,"valueName":"search_term_string"}}],"inLanguage":"es"},{"@type":"Organization","@id":"https:\/\/eclatcosmetique.fr\/es\/#organization","name":"Eclat Cosmetique","url":"https:\/\/eclatcosmetique.fr\/es\/","logo":{"@type":"ImageObject","inLanguage":"es","@id":"https:\/\/eclatcosmetique.fr\/es\/#\/schema\/logo\/image\/","url":"https:\/\/eclatcosmetique.fr\/wp-content\/uploads\/2023\/06\/eclatcosmetique.png","contentUrl":"https:\/\/eclatcosmetique.fr\/wp-content\/uploads\/2023\/06\/eclatcosmetique.png","width":250,"height":250,"caption":"Eclat Cosmetique"},"image":{"@id":"https:\/\/eclatcosmetique.fr\/es\/#\/schema\/logo\/image\/"}},{"@type":"Person","@id":"https:\/\/eclatcosmetique.fr\/es\/#\/schema\/person\/8f808b972a00b084d6a6f4df0dbd5087","name":"eclatcosmetique","image":{"@type":"ImageObject","inLanguage":"es","@id":"https:\/\/eclatcosmetique.fr\/es\/#\/schema\/person\/image\/","url":"https:\/\/secure.gravatar.com\/avatar\/57cce553753163cf73ee9cdd9ecefccb526cd7f0b33cb0c0309ab2e04fd3c4d9?s=96&d=mm&r=g","contentUrl":"https:\/\/secure.gravatar.com\/avatar\/57cce553753163cf73ee9cdd9ecefccb526cd7f0b33cb0c0309ab2e04fd3c4d9?s=96&d=mm&r=g","caption":"eclatcosmetique"},"sameAs":["https:\/\/www.eclatcosmetique.fr"],"url":"https:\/\/eclatcosmetique.fr\/es\/author\/eclatcosmetique\/"}]}},"rttpg_featured_image_url":{"full":["https:\/\/eclatcosmetique.fr\/wp-content\/uploads\/2025\/08\/taches-brunes-sur-le-visage-scaled.jpg",2560,1429,false],"landscape":["https:\/\/eclatcosmetique.fr\/wp-content\/uploads\/2025\/08\/taches-brunes-sur-le-visage-scaled.jpg",2560,1429,false],"portraits":["https:\/\/eclatcosmetique.fr\/wp-content\/uploads\/2025\/08\/taches-brunes-sur-le-visage-scaled.jpg",2560,1429,false],"thumbnail":["https:\/\/eclatcosmetique.fr\/wp-content\/uploads\/2025\/08\/taches-brunes-sur-le-visage-150x150.jpg",150,150,true],"medium":["https:\/\/eclatcosmetique.fr\/wp-content\/uploads\/2025\/08\/taches-brunes-sur-le-visage-300x167.jpg",300,167,true],"large":["https:\/\/eclatcosmetique.fr\/wp-content\/uploads\/2025\/08\/taches-brunes-sur-le-visage-1024x572.jpg",800,447,true],"1536x1536":["https:\/\/eclatcosmetique.fr\/wp-content\/uploads\/2025\/08\/taches-brunes-sur-le-visage-1536x857.jpg",1536,857,true],"2048x2048":["https:\/\/eclatcosmetique.fr\/wp-content\/uploads\/2025\/08\/taches-brunes-sur-le-visage-2048x1143.jpg",2048,1143,true]},"rttpg_author":{"display_name":"eclatcosmetique","author_link":"https:\/\/eclatcosmetique.fr\/es\/author\/eclatcosmetique\/"},"rttpg_comment":0,"rttpg_category":"<a href=\"https:\/\/eclatcosmetique.fr\/es\/belleza\/\" rel=\"category tag\">Belleza<\/a>","rttpg_excerpt":"\u00bfHas notado la aparici\u00f3n de manchas marrones en la cara y te has preguntado de d\u00f3nde vienen? Estas manchas de pigmentaci\u00f3n afectan a m\u00e1s del 90% de las personas mayores de 50 a\u00f1os, pero tambi\u00e9n pueden aparecer mucho antes, dependiendo de la exposici\u00f3n al sol y de la predisposici\u00f3n individual. En este art\u00edculo te explicamos&hellip;","_links":{"self":[{"href":"https:\/\/eclatcosmetique.fr\/es\/wp-json\/wp\/v2\/posts\/1120","targetHints":{"allow":["GET"]}}],"collection":[{"href":"https:\/\/eclatcosmetique.fr\/es\/wp-json\/wp\/v2\/posts"}],"about":[{"href":"https:\/\/eclatcosmetique.fr\/es\/wp-json\/wp\/v2\/types\/post"}],"author":[{"embeddable":true,"href":"https:\/\/eclatcosmetique.fr\/es\/wp-json\/wp\/v2\/users\/1"}],"replies":[{"embeddable":true,"href":"https:\/\/eclatcosmetique.fr\/es\/wp-json\/wp\/v2\/comments?post=1120"}],"version-history":[{"count":0,"href":"https:\/\/eclatcosmetique.fr\/es\/wp-json\/wp\/v2\/posts\/1120\/revisions"}],"wp:featuredmedia":[{"embeddable":true,"href":"https:\/\/eclatcosmetique.fr\/es\/wp-json\/wp\/v2\/media\/1121"}],"wp:attachment":[{"href":"https:\/\/eclatcosmetique.fr\/es\/wp-json\/wp\/v2\/media?parent=1120"}],"wp:term":[{"taxonomy":"category","embeddable":true,"href":"https:\/\/eclatcosmetique.fr\/es\/wp-json\/wp\/v2\/categories?post=1120"},{"taxonomy":"post_tag","embeddable":true,"href":"https:\/\/eclatcosmetique.fr\/es\/wp-json\/wp\/v2\/tags?post=1120"}],"curies":[{"name":"wp","href":"https:\/\/api.w.org\/{rel}","templated":true}]}}