{"id":1007,"date":"2023-10-26T19:25:00","date_gmt":"2023-10-26T17:25:00","guid":{"rendered":"https:\/\/eclatcosmetique.fr\/descubre-el-champu-purpura-el-aliado-perfecto-para-el-cabello-rubio\/"},"modified":"2023-10-26T19:25:00","modified_gmt":"2023-10-26T17:25:00","slug":"descubre-el-champu-purpura-el-aliado-perfecto-para-el-cabello-rubio","status":"publish","type":"post","link":"https:\/\/eclatcosmetique.fr\/es\/descubre-el-champu-purpura-el-aliado-perfecto-para-el-cabello-rubio\/","title":{"rendered":"Descubre el champ\u00fa p\u00farpura, el aliado perfecto para el cabello rubio"},"content":{"rendered":"<p>\u00bfTienes el pelo rubio o con mechas rubias y quieres conservar la belleza de tu color? \u00a1Entonces <strong>el champ\u00fa p\u00farpura<\/strong> es para ti! Este producto especial para el cuidado del cabello elimina las mechas amarillas no deseadas y devuelve el brillo a tu pelo. En este art\u00edculo, te explicamos los beneficios del champ\u00fa morado y la mejor forma de utilizarlo.   <\/p>\n<h2>\u00bfPor qu\u00e9 utilizar champ\u00fa violeta?<\/h2>\n<p>El champ\u00fa Violeta es un producto de cuidado capilar especialmente indicado para el <strong>cabello rubio<\/strong>, ya sea natural o te\u00f1ido. El objetivo de este producto es <strong>neutralizar los reflejos amarillos<\/strong> que pueden aparecer en el cabello rubio con el paso del tiempo, al tiempo que le devuelve su brillo y luminosidad. <\/p>\n<p>Este amarilleamiento del pelo rubio se debe principalmente a varios factores:<\/p>\n<ul>\n<li><strong>Oxidaci\u00f3n del color:<\/strong> se produce cuando un color se desvanece gradualmente, dando paso a tonos c\u00e1lidos.<\/li>\n<li><strong>Factores externos:<\/strong> con el tiempo, los rayos UV, la contaminaci\u00f3n y el agua clorada de las piscinas pueden provocar amarilleamiento.<\/li>\n<li><strong>Cuidado inadecuado:<\/strong> el uso frecuente de productos de cuidado capilar demasiado agresivos (sobre todo champ\u00fas aclarantes) tambi\u00e9n puede favorecer las mechas amarillas.<\/li>\n<\/ul>\n<p>Gracias a su formulaci\u00f3n espec\u00edfica, el champ\u00fa violeta ayudar\u00e1 a mantener el color y el brillo del cabello rubio, libr\u00e1ndolo de los indeseables reflejos amarillos.<\/p>\n<h2>\u00bfC\u00f3mo funciona el champ\u00fa violeta?<\/h2>\n<p>El secreto del champ\u00fa violeta reside en su <strong>f\u00f3rmula, rica en pigmentos violetas<\/strong>. En la paleta de colores, el violeta es lo contrario del amarillo. Por eso, cuando te aplicas un champ\u00fa violeta, los pigmentos violetas neutralizan los tonos amarillos de tu pelo, dej\u00e1ndolo brillante y radiante.  <\/p>\n<h3><img fetchpriority=\"high\" decoding=\"async\" class=\"aligncenter wp-image-63 size-full\" src=\"https:\/\/www.eclatcosmetique.fr\/wp-content\/uploads\/2023\/10\/decouvrez-le-shampoing-violet-lallie-des-cheveux-blonds-2.jpg\" alt=\"\" width=\"1440\" height=\"810\"><\/h3>\n<h3>\u00bfCu\u00e1les son los distintos tipos de champ\u00fa violeta disponibles en el mercado?<\/h3>\n<p>Existen varios tipos de champ\u00fa violeta, cada uno dise\u00f1ado para satisfacer necesidades espec\u00edficas. Algunos de los m\u00e1s populares son : <\/p>\n<ul>\n<li><strong>Champ\u00fas morados convencionales:<\/strong> son los productos m\u00e1s comunes, ofrecen una acci\u00f3n moderada y son adecuados para un uso frecuente.<\/li>\n<li><strong>Champ\u00fas intensivos violetas:<\/strong> ofrecen una acci\u00f3n m\u00e1s potente para neutralizar r\u00e1pidamente las mechas amarillas. Pueden utilizarse como tratamiento adicional cuando las mechas amarillas son especialmente rebeldes. <\/li>\n<li><strong>Champ\u00fas Dejaunising violeta:<\/strong> especialmente dise\u00f1ados para eliminar el amarillo y refrescar el color de los cabellos rubios.<\/li>\n<\/ul>\n<h2>\u00bfC\u00f3mo utilizo correctamente el champ\u00fa violeta?<\/h2>\n<p>Para que tu champ\u00fa violeta sea eficaz, es esencial utilizarlo correctamente. Aqu\u00ed tienes algunos consejos que te ayudar\u00e1n a sacarle el m\u00e1ximo partido: <\/p>\n<ol>\n<li><strong>Apl\u00edcalo sobre el pelo mojado: <\/strong> como con cualquier champ\u00fa cl\u00e1sico, l\u00e1vate el pelo con champ\u00fa p\u00farpura, haciendo espuma generosamente.<\/li>\n<li><strong>Dejar actuar: <\/strong> seg\u00fan la marca y la intensidad del resultado que desees, debes dejar actuar el champ\u00fa de 3 a 5 minutos.<\/li>\n<li><strong>Aclara bien:<\/strong> no olvides aclarar bien el pelo despu\u00e9s de usarlo para evitar que los pigmentos queden atrapados en las fibras capilares.<\/li>\n<li><strong>Espacia el uso:<\/strong> recomendamos utilizar el champ\u00fa violeta una vez a la semana o cada quince d\u00edas para evitar la acumulaci\u00f3n de pigmentos.<\/li>\n<li><strong>Incorpora una mascarilla nutritiva a tu rutina capilar:<\/strong> algunos champ\u00fas violetas pueden tener un efecto ligeramente resecante. Para mantener tu pelo sano, es buena idea aplicar una mascarilla nutritiva con regularidad. <\/li>\n<\/ol>\n<h2>Algunos consejos para obtener resultados \u00f3ptimos<\/h2>\n<p>Adem\u00e1s de estos consejos de uso, aqu\u00ed tienes algunos trucos extra para sacar el m\u00e1ximo partido a tu champ\u00fa violeta:<\/p>\n<ul>\n<li><strong>Alternar con un champ\u00fa hidrat<\/strong> ante<strong>:<\/strong> para evitar cualquier riesgo de sequedad, recuerda utilizar un champ\u00fa hidratante junto a tu champ\u00fa violeta.<\/li>\n<li><strong>Ten cuidado con la dosis:<\/strong> si tienes el pelo especialmente fino, no utilices demasiado producto para evitar que se apelmace.<\/li>\n<li><strong>Evita la exposici\u00f3n al sol:<\/strong> para conservar el color y el brillo de tu cabello rubio, limita la exposici\u00f3n a los rayos UV llevando un sombrero o utilizando productos capilares protectores.<\/li>\n<li><strong>Elige un champ\u00fa<\/strong> de violetas <strong>adecuado a tu tipo de cabello:<\/strong> ten en cuenta la textura de tu cabello (fino, grueso, rizado&#8230;), ya que algunos champ\u00fas de violetas pueden adaptarse mejor que otros a tus necesidades espec\u00edficas.<\/li>\n<\/ul>\n<p>As\u00ed que, gracias al <strong>champ\u00fa p\u00farpura<\/strong>, \u00a1puedes acabar con las mechas amarillas y dejar paso a un radiante y luminoso color rubio! Pero recuerda seguir siempre las recomendaciones de uso y adaptar tu rutina capilar a las necesidades espec\u00edficas de tu cabello. <\/p>\n","protected":false},"excerpt":{"rendered":"<p>\u00bfTienes el pelo rubio o con mechas rubias y quieres conservar la belleza de tu color? \u00a1Entonces el champ\u00fa p\u00farpura es para ti! Este producto especial para el cuidado del cabello elimina las mechas amarillas no deseadas y devuelve el brillo a tu pelo. En este art\u00edculo, te explicamos los beneficios del champ\u00fa morado y [&hellip;]<\/p>\n","protected":false},"author":1,"featured_media":1009,"comment_status":"open","ping_status":"open","sticky":false,"template":"","format":"standard","meta":{"footnotes":""},"categories":[115,114],"tags":[],"class_list":["post-1007","post","type-post","status-publish","format-standard","has-post-thumbnail","hentry","category-belleza","category-pelo"],"yoast_head":"<!-- This site is optimized with the Yoast SEO plugin v24.0 - https:\/\/yoast.com\/wordpress\/plugins\/seo\/ -->\n<title>Descubre el champ\u00fa p\u00farpura, el aliado perfecto para el cabello rubio - %<\/title>\n<meta name=\"robots\" content=\"index, follow, max-snippet:-1, max-image-preview:large, max-video-preview:-1\" \/>\n<link rel=\"canonical\" href=\"https:\/\/eclatcosmetique.fr\/es\/descubre-el-champu-purpura-el-aliado-perfecto-para-el-cabello-rubio\/\" \/>\n<meta property=\"og:locale\" content=\"es_ES\" \/>\n<meta property=\"og:type\" content=\"article\" \/>\n<meta property=\"og:title\" content=\"Descubre el champ\u00fa p\u00farpura, el aliado perfecto para el cabello rubio - %\" \/>\n<meta property=\"og:description\" content=\"\u00bfTienes el pelo rubio o con mechas rubias y quieres conservar la belleza de tu color? \u00a1Entonces el champ\u00fa p\u00farpura es para ti! Este producto especial para el cuidado del cabello elimina las mechas amarillas no deseadas y devuelve el brillo a tu pelo. En este art\u00edculo, te explicamos los beneficios del champ\u00fa morado y [&hellip;]\" \/>\n<meta property=\"og:url\" content=\"https:\/\/eclatcosmetique.fr\/es\/descubre-el-champu-purpura-el-aliado-perfecto-para-el-cabello-rubio\/\" \/>\n<meta property=\"og:site_name\" content=\"Eclat Cosmetique\" \/>\n<meta property=\"article:published_time\" content=\"2023-10-26T17:25:00+00:00\" \/>\n<meta property=\"og:image\" content=\"https:\/\/eclatcosmetique.fr\/wp-content\/uploads\/2023\/10\/decouvrez-le-shampoing-violet-lallie-des-cheveux-blonds-1.jpg\" \/>\n\t<meta property=\"og:image:width\" content=\"1440\" \/>\n\t<meta property=\"og:image:height\" content=\"810\" \/>\n\t<meta property=\"og:image:type\" content=\"image\/jpeg\" \/>\n<meta name=\"author\" content=\"eclatcosmetique\" \/>\n<meta name=\"twitter:card\" content=\"summary_large_image\" \/>\n<meta name=\"twitter:label1\" content=\"Escrito por\" \/>\n\t<meta name=\"twitter:data1\" content=\"eclatcosmetique\" \/>\n\t<meta name=\"twitter:label2\" content=\"Tiempo de lectura\" \/>\n\t<meta name=\"twitter:data2\" content=\"4 minutos\" \/>\n<script type=\"application\/ld+json\" class=\"yoast-schema-graph\">{\"@context\":\"https:\/\/schema.org\",\"@graph\":[{\"@type\":\"Article\",\"@id\":\"https:\/\/eclatcosmetique.fr\/es\/descubre-el-champu-purpura-el-aliado-perfecto-para-el-cabello-rubio\/#article\",\"isPartOf\":{\"@id\":\"https:\/\/eclatcosmetique.fr\/es\/descubre-el-champu-purpura-el-aliado-perfecto-para-el-cabello-rubio\/\"},\"author\":{\"name\":\"eclatcosmetique\",\"@id\":\"https:\/\/eclatcosmetique.fr\/es\/#\/schema\/person\/8f808b972a00b084d6a6f4df0dbd5087\"},\"headline\":\"Descubre el champ\u00fa p\u00farpura, el aliado perfecto para el cabello rubio\",\"datePublished\":\"2023-10-26T17:25:00+00:00\",\"dateModified\":\"2023-10-26T17:25:00+00:00\",\"mainEntityOfPage\":{\"@id\":\"https:\/\/eclatcosmetique.fr\/es\/descubre-el-champu-purpura-el-aliado-perfecto-para-el-cabello-rubio\/\"},\"wordCount\":736,\"commentCount\":0,\"publisher\":{\"@id\":\"https:\/\/eclatcosmetique.fr\/es\/#organization\"},\"image\":{\"@id\":\"https:\/\/eclatcosmetique.fr\/es\/descubre-el-champu-purpura-el-aliado-perfecto-para-el-cabello-rubio\/#primaryimage\"},\"thumbnailUrl\":\"https:\/\/eclatcosmetique.fr\/wp-content\/uploads\/2023\/10\/decouvrez-le-shampoing-violet-lallie-des-cheveux-blonds-1.jpg\",\"articleSection\":[\"Belleza\",\"Pelo\"],\"inLanguage\":\"es\",\"potentialAction\":[{\"@type\":\"CommentAction\",\"name\":\"Comment\",\"target\":[\"https:\/\/eclatcosmetique.fr\/es\/descubre-el-champu-purpura-el-aliado-perfecto-para-el-cabello-rubio\/#respond\"]}]},{\"@type\":\"WebPage\",\"@id\":\"https:\/\/eclatcosmetique.fr\/es\/descubre-el-champu-purpura-el-aliado-perfecto-para-el-cabello-rubio\/\",\"url\":\"https:\/\/eclatcosmetique.fr\/es\/descubre-el-champu-purpura-el-aliado-perfecto-para-el-cabello-rubio\/\",\"name\":\"Descubre el champ\u00fa p\u00farpura, el aliado perfecto para el cabello rubio - %\",\"isPartOf\":{\"@id\":\"https:\/\/eclatcosmetique.fr\/es\/#website\"},\"primaryImageOfPage\":{\"@id\":\"https:\/\/eclatcosmetique.fr\/es\/descubre-el-champu-purpura-el-aliado-perfecto-para-el-cabello-rubio\/#primaryimage\"},\"image\":{\"@id\":\"https:\/\/eclatcosmetique.fr\/es\/descubre-el-champu-purpura-el-aliado-perfecto-para-el-cabello-rubio\/#primaryimage\"},\"thumbnailUrl\":\"https:\/\/eclatcosmetique.fr\/wp-content\/uploads\/2023\/10\/decouvrez-le-shampoing-violet-lallie-des-cheveux-blonds-1.jpg\",\"datePublished\":\"2023-10-26T17:25:00+00:00\",\"dateModified\":\"2023-10-26T17:25:00+00:00\",\"breadcrumb\":{\"@id\":\"https:\/\/eclatcosmetique.fr\/es\/descubre-el-champu-purpura-el-aliado-perfecto-para-el-cabello-rubio\/#breadcrumb\"},\"inLanguage\":\"es\",\"potentialAction\":[{\"@type\":\"ReadAction\",\"target\":[\"https:\/\/eclatcosmetique.fr\/es\/descubre-el-champu-purpura-el-aliado-perfecto-para-el-cabello-rubio\/\"]}]},{\"@type\":\"ImageObject\",\"inLanguage\":\"es\",\"@id\":\"https:\/\/eclatcosmetique.fr\/es\/descubre-el-champu-purpura-el-aliado-perfecto-para-el-cabello-rubio\/#primaryimage\",\"url\":\"https:\/\/eclatcosmetique.fr\/wp-content\/uploads\/2023\/10\/decouvrez-le-shampoing-violet-lallie-des-cheveux-blonds-1.jpg\",\"contentUrl\":\"https:\/\/eclatcosmetique.fr\/wp-content\/uploads\/2023\/10\/decouvrez-le-shampoing-violet-lallie-des-cheveux-blonds-1.jpg\",\"width\":1440,\"height\":810},{\"@type\":\"BreadcrumbList\",\"@id\":\"https:\/\/eclatcosmetique.fr\/es\/descubre-el-champu-purpura-el-aliado-perfecto-para-el-cabello-rubio\/#breadcrumb\",\"itemListElement\":[{\"@type\":\"ListItem\",\"position\":1,\"name\":\"Inicio\",\"item\":\"https:\/\/eclatcosmetique.fr\/es\/beaute-passionnee-deja-que-nuestro-blog-de-belleza-te-ayude-a-revelar-tu-resplandor\/\"},{\"@type\":\"ListItem\",\"position\":2,\"name\":\"Descubre el champ\u00fa p\u00farpura, el aliado perfecto para el cabello rubio\"}]},{\"@type\":\"WebSite\",\"@id\":\"https:\/\/eclatcosmetique.fr\/es\/#website\",\"url\":\"https:\/\/eclatcosmetique.fr\/es\/\",\"name\":\"Eclat Cosmetique\",\"description\":\"\",\"publisher\":{\"@id\":\"https:\/\/eclatcosmetique.fr\/es\/#organization\"},\"potentialAction\":[{\"@type\":\"SearchAction\",\"target\":{\"@type\":\"EntryPoint\",\"urlTemplate\":\"https:\/\/eclatcosmetique.fr\/es\/?s={search_term_string}\"},\"query-input\":{\"@type\":\"PropertyValueSpecification\",\"valueRequired\":true,\"valueName\":\"search_term_string\"}}],\"inLanguage\":\"es\"},{\"@type\":\"Organization\",\"@id\":\"https:\/\/eclatcosmetique.fr\/es\/#organization\",\"name\":\"Eclat Cosmetique\",\"url\":\"https:\/\/eclatcosmetique.fr\/es\/\",\"logo\":{\"@type\":\"ImageObject\",\"inLanguage\":\"es\",\"@id\":\"https:\/\/eclatcosmetique.fr\/es\/#\/schema\/logo\/image\/\",\"url\":\"https:\/\/eclatcosmetique.fr\/wp-content\/uploads\/2023\/06\/eclatcosmetique.png\",\"contentUrl\":\"https:\/\/eclatcosmetique.fr\/wp-content\/uploads\/2023\/06\/eclatcosmetique.png\",\"width\":250,\"height\":250,\"caption\":\"Eclat Cosmetique\"},\"image\":{\"@id\":\"https:\/\/eclatcosmetique.fr\/es\/#\/schema\/logo\/image\/\"}},{\"@type\":\"Person\",\"@id\":\"https:\/\/eclatcosmetique.fr\/es\/#\/schema\/person\/8f808b972a00b084d6a6f4df0dbd5087\",\"name\":\"eclatcosmetique\",\"image\":{\"@type\":\"ImageObject\",\"inLanguage\":\"es\",\"@id\":\"https:\/\/eclatcosmetique.fr\/es\/#\/schema\/person\/image\/\",\"url\":\"https:\/\/secure.gravatar.com\/avatar\/57cce553753163cf73ee9cdd9ecefccb526cd7f0b33cb0c0309ab2e04fd3c4d9?s=96&d=mm&r=g\",\"contentUrl\":\"https:\/\/secure.gravatar.com\/avatar\/57cce553753163cf73ee9cdd9ecefccb526cd7f0b33cb0c0309ab2e04fd3c4d9?s=96&d=mm&r=g\",\"caption\":\"eclatcosmetique\"},\"sameAs\":[\"https:\/\/www.eclatcosmetique.fr\"],\"url\":\"https:\/\/eclatcosmetique.fr\/es\/author\/eclatcosmetique\/\"}]}<\/script>\n<!-- \/ Yoast SEO plugin. -->","yoast_head_json":{"title":"Descubre el champ\u00fa p\u00farpura, el aliado perfecto para el cabello rubio - %","robots":{"index":"index","follow":"follow","max-snippet":"max-snippet:-1","max-image-preview":"max-image-preview:large","max-video-preview":"max-video-preview:-1"},"canonical":"https:\/\/eclatcosmetique.fr\/es\/descubre-el-champu-purpura-el-aliado-perfecto-para-el-cabello-rubio\/","og_locale":"es_ES","og_type":"article","og_title":"Descubre el champ\u00fa p\u00farpura, el aliado perfecto para el cabello rubio - %","og_description":"\u00bfTienes el pelo rubio o con mechas rubias y quieres conservar la belleza de tu color? \u00a1Entonces el champ\u00fa p\u00farpura es para ti! Este producto especial para el cuidado del cabello elimina las mechas amarillas no deseadas y devuelve el brillo a tu pelo. En este art\u00edculo, te explicamos los beneficios del champ\u00fa morado y [&hellip;]","og_url":"https:\/\/eclatcosmetique.fr\/es\/descubre-el-champu-purpura-el-aliado-perfecto-para-el-cabello-rubio\/","og_site_name":"Eclat Cosmetique","article_published_time":"2023-10-26T17:25:00+00:00","og_image":[{"width":1440,"height":810,"url":"https:\/\/eclatcosmetique.fr\/wp-content\/uploads\/2023\/10\/decouvrez-le-shampoing-violet-lallie-des-cheveux-blonds-1.jpg","type":"image\/jpeg"}],"author":"eclatcosmetique","twitter_card":"summary_large_image","twitter_misc":{"Escrito por":"eclatcosmetique","Tiempo de lectura":"4 minutos"},"schema":{"@context":"https:\/\/schema.org","@graph":[{"@type":"Article","@id":"https:\/\/eclatcosmetique.fr\/es\/descubre-el-champu-purpura-el-aliado-perfecto-para-el-cabello-rubio\/#article","isPartOf":{"@id":"https:\/\/eclatcosmetique.fr\/es\/descubre-el-champu-purpura-el-aliado-perfecto-para-el-cabello-rubio\/"},"author":{"name":"eclatcosmetique","@id":"https:\/\/eclatcosmetique.fr\/es\/#\/schema\/person\/8f808b972a00b084d6a6f4df0dbd5087"},"headline":"Descubre el champ\u00fa p\u00farpura, el aliado perfecto para el cabello rubio","datePublished":"2023-10-26T17:25:00+00:00","dateModified":"2023-10-26T17:25:00+00:00","mainEntityOfPage":{"@id":"https:\/\/eclatcosmetique.fr\/es\/descubre-el-champu-purpura-el-aliado-perfecto-para-el-cabello-rubio\/"},"wordCount":736,"commentCount":0,"publisher":{"@id":"https:\/\/eclatcosmetique.fr\/es\/#organization"},"image":{"@id":"https:\/\/eclatcosmetique.fr\/es\/descubre-el-champu-purpura-el-aliado-perfecto-para-el-cabello-rubio\/#primaryimage"},"thumbnailUrl":"https:\/\/eclatcosmetique.fr\/wp-content\/uploads\/2023\/10\/decouvrez-le-shampoing-violet-lallie-des-cheveux-blonds-1.jpg","articleSection":["Belleza","Pelo"],"inLanguage":"es","potentialAction":[{"@type":"CommentAction","name":"Comment","target":["https:\/\/eclatcosmetique.fr\/es\/descubre-el-champu-purpura-el-aliado-perfecto-para-el-cabello-rubio\/#respond"]}]},{"@type":"WebPage","@id":"https:\/\/eclatcosmetique.fr\/es\/descubre-el-champu-purpura-el-aliado-perfecto-para-el-cabello-rubio\/","url":"https:\/\/eclatcosmetique.fr\/es\/descubre-el-champu-purpura-el-aliado-perfecto-para-el-cabello-rubio\/","name":"Descubre el champ\u00fa p\u00farpura, el aliado perfecto para el cabello rubio - %","isPartOf":{"@id":"https:\/\/eclatcosmetique.fr\/es\/#website"},"primaryImageOfPage":{"@id":"https:\/\/eclatcosmetique.fr\/es\/descubre-el-champu-purpura-el-aliado-perfecto-para-el-cabello-rubio\/#primaryimage"},"image":{"@id":"https:\/\/eclatcosmetique.fr\/es\/descubre-el-champu-purpura-el-aliado-perfecto-para-el-cabello-rubio\/#primaryimage"},"thumbnailUrl":"https:\/\/eclatcosmetique.fr\/wp-content\/uploads\/2023\/10\/decouvrez-le-shampoing-violet-lallie-des-cheveux-blonds-1.jpg","datePublished":"2023-10-26T17:25:00+00:00","dateModified":"2023-10-26T17:25:00+00:00","breadcrumb":{"@id":"https:\/\/eclatcosmetique.fr\/es\/descubre-el-champu-purpura-el-aliado-perfecto-para-el-cabello-rubio\/#breadcrumb"},"inLanguage":"es","potentialAction":[{"@type":"ReadAction","target":["https:\/\/eclatcosmetique.fr\/es\/descubre-el-champu-purpura-el-aliado-perfecto-para-el-cabello-rubio\/"]}]},{"@type":"ImageObject","inLanguage":"es","@id":"https:\/\/eclatcosmetique.fr\/es\/descubre-el-champu-purpura-el-aliado-perfecto-para-el-cabello-rubio\/#primaryimage","url":"https:\/\/eclatcosmetique.fr\/wp-content\/uploads\/2023\/10\/decouvrez-le-shampoing-violet-lallie-des-cheveux-blonds-1.jpg","contentUrl":"https:\/\/eclatcosmetique.fr\/wp-content\/uploads\/2023\/10\/decouvrez-le-shampoing-violet-lallie-des-cheveux-blonds-1.jpg","width":1440,"height":810},{"@type":"BreadcrumbList","@id":"https:\/\/eclatcosmetique.fr\/es\/descubre-el-champu-purpura-el-aliado-perfecto-para-el-cabello-rubio\/#breadcrumb","itemListElement":[{"@type":"ListItem","position":1,"name":"Inicio","item":"https:\/\/eclatcosmetique.fr\/es\/beaute-passionnee-deja-que-nuestro-blog-de-belleza-te-ayude-a-revelar-tu-resplandor\/"},{"@type":"ListItem","position":2,"name":"Descubre el champ\u00fa p\u00farpura, el aliado perfecto para el cabello rubio"}]},{"@type":"WebSite","@id":"https:\/\/eclatcosmetique.fr\/es\/#website","url":"https:\/\/eclatcosmetique.fr\/es\/","name":"Eclat Cosmetique","description":"","publisher":{"@id":"https:\/\/eclatcosmetique.fr\/es\/#organization"},"potentialAction":[{"@type":"SearchAction","target":{"@type":"EntryPoint","urlTemplate":"https:\/\/eclatcosmetique.fr\/es\/?s={search_term_string}"},"query-input":{"@type":"PropertyValueSpecification","valueRequired":true,"valueName":"search_term_string"}}],"inLanguage":"es"},{"@type":"Organization","@id":"https:\/\/eclatcosmetique.fr\/es\/#organization","name":"Eclat Cosmetique","url":"https:\/\/eclatcosmetique.fr\/es\/","logo":{"@type":"ImageObject","inLanguage":"es","@id":"https:\/\/eclatcosmetique.fr\/es\/#\/schema\/logo\/image\/","url":"https:\/\/eclatcosmetique.fr\/wp-content\/uploads\/2023\/06\/eclatcosmetique.png","contentUrl":"https:\/\/eclatcosmetique.fr\/wp-content\/uploads\/2023\/06\/eclatcosmetique.png","width":250,"height":250,"caption":"Eclat Cosmetique"},"image":{"@id":"https:\/\/eclatcosmetique.fr\/es\/#\/schema\/logo\/image\/"}},{"@type":"Person","@id":"https:\/\/eclatcosmetique.fr\/es\/#\/schema\/person\/8f808b972a00b084d6a6f4df0dbd5087","name":"eclatcosmetique","image":{"@type":"ImageObject","inLanguage":"es","@id":"https:\/\/eclatcosmetique.fr\/es\/#\/schema\/person\/image\/","url":"https:\/\/secure.gravatar.com\/avatar\/57cce553753163cf73ee9cdd9ecefccb526cd7f0b33cb0c0309ab2e04fd3c4d9?s=96&d=mm&r=g","contentUrl":"https:\/\/secure.gravatar.com\/avatar\/57cce553753163cf73ee9cdd9ecefccb526cd7f0b33cb0c0309ab2e04fd3c4d9?s=96&d=mm&r=g","caption":"eclatcosmetique"},"sameAs":["https:\/\/www.eclatcosmetique.fr"],"url":"https:\/\/eclatcosmetique.fr\/es\/author\/eclatcosmetique\/"}]}},"rttpg_featured_image_url":{"full":["https:\/\/eclatcosmetique.fr\/wp-content\/uploads\/2023\/10\/decouvrez-le-shampoing-violet-lallie-des-cheveux-blonds-1.jpg",1440,810,false],"landscape":["https:\/\/eclatcosmetique.fr\/wp-content\/uploads\/2023\/10\/decouvrez-le-shampoing-violet-lallie-des-cheveux-blonds-1.jpg",1440,810,false],"portraits":["https:\/\/eclatcosmetique.fr\/wp-content\/uploads\/2023\/10\/decouvrez-le-shampoing-violet-lallie-des-cheveux-blonds-1.jpg",1440,810,false],"thumbnail":["https:\/\/eclatcosmetique.fr\/wp-content\/uploads\/2023\/10\/decouvrez-le-shampoing-violet-lallie-des-cheveux-blonds-1-150x150.jpg",150,150,true],"medium":["https:\/\/eclatcosmetique.fr\/wp-content\/uploads\/2023\/10\/decouvrez-le-shampoing-violet-lallie-des-cheveux-blonds-1-300x169.jpg",300,169,true],"large":["https:\/\/eclatcosmetique.fr\/wp-content\/uploads\/2023\/10\/decouvrez-le-shampoing-violet-lallie-des-cheveux-blonds-1-1024x576.jpg",800,450,true],"1536x1536":["https:\/\/eclatcosmetique.fr\/wp-content\/uploads\/2023\/10\/decouvrez-le-shampoing-violet-lallie-des-cheveux-blonds-1.jpg",1440,810,false],"2048x2048":["https:\/\/eclatcosmetique.fr\/wp-content\/uploads\/2023\/10\/decouvrez-le-shampoing-violet-lallie-des-cheveux-blonds-1.jpg",1440,810,false]},"rttpg_author":{"display_name":"eclatcosmetique","author_link":"https:\/\/eclatcosmetique.fr\/es\/author\/eclatcosmetique\/"},"rttpg_comment":0,"rttpg_category":"<a href=\"https:\/\/eclatcosmetique.fr\/es\/belleza\/\" rel=\"category tag\">Belleza<\/a> <a href=\"https:\/\/eclatcosmetique.fr\/es\/pelo\/\" rel=\"category tag\">Pelo<\/a>","rttpg_excerpt":"\u00bfTienes el pelo rubio o con mechas rubias y quieres conservar la belleza de tu color? \u00a1Entonces el champ\u00fa p\u00farpura es para ti! Este producto especial para el cuidado del cabello elimina las mechas amarillas no deseadas y devuelve el brillo a tu pelo. En este art\u00edculo, te explicamos los beneficios del champ\u00fa morado y&hellip;","_links":{"self":[{"href":"https:\/\/eclatcosmetique.fr\/es\/wp-json\/wp\/v2\/posts\/1007","targetHints":{"allow":["GET"]}}],"collection":[{"href":"https:\/\/eclatcosmetique.fr\/es\/wp-json\/wp\/v2\/posts"}],"about":[{"href":"https:\/\/eclatcosmetique.fr\/es\/wp-json\/wp\/v2\/types\/post"}],"author":[{"embeddable":true,"href":"https:\/\/eclatcosmetique.fr\/es\/wp-json\/wp\/v2\/users\/1"}],"replies":[{"embeddable":true,"href":"https:\/\/eclatcosmetique.fr\/es\/wp-json\/wp\/v2\/comments?post=1007"}],"version-history":[{"count":0,"href":"https:\/\/eclatcosmetique.fr\/es\/wp-json\/wp\/v2\/posts\/1007\/revisions"}],"wp:featuredmedia":[{"embeddable":true,"href":"https:\/\/eclatcosmetique.fr\/es\/wp-json\/wp\/v2\/media\/1009"}],"wp:attachment":[{"href":"https:\/\/eclatcosmetique.fr\/es\/wp-json\/wp\/v2\/media?parent=1007"}],"wp:term":[{"taxonomy":"category","embeddable":true,"href":"https:\/\/eclatcosmetique.fr\/es\/wp-json\/wp\/v2\/categories?post=1007"},{"taxonomy":"post_tag","embeddable":true,"href":"https:\/\/eclatcosmetique.fr\/es\/wp-json\/wp\/v2\/tags?post=1007"}],"curies":[{"name":"wp","href":"https:\/\/api.w.org\/{rel}","templated":true}]}}